
{"id":13891,"global_id":"test.eschenau.at?id=13891","global_id_lineage":["test.eschenau.at?id=13891"],"author":"2","status":"publish","date":"2018-02-28 08:44:41","date_utc":"2018-02-28 07:44:41","modified":"2018-02-28 08:44:41","modified_utc":"2018-02-28 07:44:41","url":"https:\/\/test.eschenau.at\/?tribe_events=fronleichnam-fruehschoppen","rest_url":"https:\/\/test.eschenau.at\/index.php?rest_route=\/tribe\/events\/v1\/events\/13891","title":"Fronleichnam und Fr\u00fchschoppen der Musikkapelle Eschenau","description":"<p>Fronleichnamsprozession der Pfarrkirche Eschenau<\/p>\n<p>anschlie\u00dfend Fr\u00fchschoppen der Musikkapelle Eschenau am Gemeindevorplatz<\/p>\n<p>&nbsp;<\/p>\n<p><a href=\"https:\/\/test.eschenau.at\/wp-content\/uploads\/2024\/05\/MK_Eschenau_Fronleichnam_2024_WEB.jpeg\" target=\"_blank\" rel=\"noopener\"><img decoding=\"async\" class=\"lazyload alignnone wp-image-10436 size-large\" src=\"data:image\/svg+xml,%3Csvg%20xmlns%3D%27http%3A%2F%2Fwww.w3.org%2F2000%2Fsvg%27%20width%3D%27728%27%20height%3D%271030%27%20viewBox%3D%270%200%20728%201030%27%3E%3Crect%20width%3D%27728%27%20height%3D%271030%27%20fill-opacity%3D%220%22%2F%3E%3C%2Fsvg%3E\" data-orig-src=\"https:\/\/test.eschenau.at\/wp-content\/uploads\/2024\/05\/MK_Eschenau_Fronleichnam_2024_WEB-728x1030.jpeg\" alt=\"\" width=\"728\" height=\"1030\" \/><\/a><\/p>","excerpt":"","slug":"fronleichnam-fruehschoppen","image":{"url":"https:\/\/test.eschenau.at\/wp-content\/uploads\/2022\/01\/Musikkapelle-neu-e1716529363428.png","id":5448,"extension":"png","width":1500,"height":476,"filesize":129668,"sizes":{"medium":{"width":300,"height":95,"mime-type":"image\/png","filesize":15733,"url":"https:\/\/test.eschenau.at\/wp-content\/uploads\/2022\/01\/Musikkapelle-neu-e1716529363428-300x95.png"},"large":{"width":1024,"height":325,"mime-type":"image\/png","filesize":89512,"url":"https:\/\/test.eschenau.at\/wp-content\/uploads\/2022\/01\/Musikkapelle-neu-e1716529363428-1024x325.png"},"thumbnail":{"width":150,"height":150,"mime-type":"image\/png","filesize":11112,"url":"https:\/\/test.eschenau.at\/wp-content\/uploads\/2022\/01\/Musikkapelle-neu-e1716529363428-150x150.png"},"medium_large":{"width":768,"height":244,"mime-type":"image\/png","filesize":61697,"url":"https:\/\/test.eschenau.at\/wp-content\/uploads\/2022\/01\/Musikkapelle-neu-e1716529363428-768x244.png"},"blog-large":{"width":669,"height":272,"mime-type":"image\/png","filesize":59607,"url":"https:\/\/test.eschenau.at\/wp-content\/uploads\/2022\/01\/Musikkapelle-neu-e1716529363428-669x272.png"},"blog-medium":{"width":320,"height":202,"mime-type":"image\/png","filesize":24586,"url":"https:\/\/test.eschenau.at\/wp-content\/uploads\/2022\/01\/Musikkapelle-neu-e1716529363428-320x202.png"},"recent-posts":{"width":700,"height":441,"mime-type":"image\/png","filesize":70279,"url":"https:\/\/test.eschenau.at\/wp-content\/uploads\/2022\/01\/Musikkapelle-neu-e1716529363428-700x441.png"},"recent-works-thumbnail":{"width":66,"height":66,"mime-type":"image\/png","filesize":3294,"url":"https:\/\/test.eschenau.at\/wp-content\/uploads\/2022\/01\/Musikkapelle-neu-e1716529363428-66x66.png"},"fusion-200":{"width":200,"height":63,"mime-type":"image\/png","filesize":8491,"url":"https:\/\/test.eschenau.at\/wp-content\/uploads\/2022\/01\/Musikkapelle-neu-e1716529363428-200x63.png"},"fusion-400":{"width":400,"height":127,"mime-type":"image\/png","filesize":24269,"url":"https:\/\/test.eschenau.at\/wp-content\/uploads\/2022\/01\/Musikkapelle-neu-e1716529363428-400x127.png"},"fusion-600":{"width":600,"height":190,"mime-type":"image\/png","filesize":43427,"url":"https:\/\/test.eschenau.at\/wp-content\/uploads\/2022\/01\/Musikkapelle-neu-e1716529363428-600x190.png"},"fusion-800":{"width":800,"height":254,"mime-type":"image\/png","filesize":65189,"url":"https:\/\/test.eschenau.at\/wp-content\/uploads\/2022\/01\/Musikkapelle-neu-e1716529363428-800x254.png"},"fusion-1200":{"width":1200,"height":381,"mime-type":"image\/png","filesize":110320,"url":"https:\/\/test.eschenau.at\/wp-content\/uploads\/2022\/01\/Musikkapelle-neu-e1716529363428-1200x381.png"},"portfolio-full":{"width":940,"height":400,"mime-type":"image\/png","filesize":93304,"url":"https:\/\/test.eschenau.at\/wp-content\/uploads\/2022\/01\/Musikkapelle-neu-e1716529363428-940x400.png"},"portfolio-one":{"width":540,"height":272,"mime-type":"image\/png","filesize":44800,"url":"https:\/\/test.eschenau.at\/wp-content\/uploads\/2022\/01\/Musikkapelle-neu-e1716529363428-540x272.png"},"portfolio-two":{"width":460,"height":295,"mime-type":"image\/png","filesize":39742,"url":"https:\/\/test.eschenau.at\/wp-content\/uploads\/2022\/01\/Musikkapelle-neu-e1716529363428-460x295.png"},"portfolio-three":{"width":300,"height":214,"mime-type":"image\/png","filesize":24288,"url":"https:\/\/test.eschenau.at\/wp-content\/uploads\/2022\/01\/Musikkapelle-neu-e1716529363428-300x214.png"},"portfolio-five":{"width":177,"height":142,"mime-type":"image\/png","filesize":12170,"url":"https:\/\/test.eschenau.at\/wp-content\/uploads\/2022\/01\/Musikkapelle-neu-e1716529363428-177x142.png"}}},"all_day":false,"start_date":"2024-05-30 09:00:00","start_date_details":{"year":"2024","month":"05","day":"30","hour":"09","minutes":"00","seconds":"00"},"end_date":"2024-05-30 09:00:00","end_date_details":{"year":"2024","month":"05","day":"30","hour":"09","minutes":"00","seconds":"00"},"utc_start_date":"2024-05-30 07:00:00","utc_start_date_details":{"year":"2024","month":"05","day":"30","hour":"07","minutes":"00","seconds":"00"},"utc_end_date":"2024-05-30 07:00:00","utc_end_date_details":{"year":"2024","month":"05","day":"30","hour":"07","minutes":"00","seconds":"00"},"timezone":"Europe\/Berlin","timezone_abbr":"CEST","cost":"","cost_details":{"currency_symbol":"\u20ac","currency_code":"USD\t\t\t\t\t\t\tclass=\t\t\t\t\t\t\tclass=\t\t\t\t\t\t\tclass=","currency_position":"prefix","values":[]},"website":"","show_map":true,"show_map_link":true,"hide_from_listings":false,"sticky":false,"featured":false,"categories":[{"name":"Musikkapelle Eschenau","slug":"musikkapelle-eschenau","term_group":0,"term_taxonomy_id":32,"taxonomy":"tribe_events_cat","description":"","parent":0,"count":9,"filter":"raw","id":32,"urls":{"self":"https:\/\/test.eschenau.at\/index.php?rest_route=\/tribe\/events\/v1\/categories\/32","collection":"https:\/\/test.eschenau.at\/index.php?rest_route=\/tribe\/events\/v1\/categories"}},{"name":"Pfarre Eschenau","slug":"pfarre-eschenau","term_group":0,"term_taxonomy_id":33,"taxonomy":"tribe_events_cat","description":"","parent":0,"count":19,"filter":"raw","id":33,"urls":{"self":"https:\/\/test.eschenau.at\/index.php?rest_route=\/tribe\/events\/v1\/categories\/33","collection":"https:\/\/test.eschenau.at\/index.php?rest_route=\/tribe\/events\/v1\/categories"}}],"tags":[],"venue":[],"organizer":[{"id":781,"author":"2","status":"publish","date":"2017-05-10 11:03:26","date_utc":"2017-05-10 09:03:26","modified":"2017-05-10 11:03:26","modified_utc":"2017-05-10 09:03:26","url":"https:\/\/test.eschenau.at\/?tribe_organizer=pfarre-eschenau","organizer":"Pfarre Eschenau","slug":"pfarre-eschenau","phone":"02762\/67238","json_ld":{"@type":"Person","name":"Pfarre Eschenau","description":"","url":"","telephone":"02762\/67238","email":"","sameAs":""},"global_id":"test.eschenau.at?id=781","global_id_lineage":["test.eschenau.at?id=781"]},{"id":801,"author":"2","status":"publish","date":"2017-05-10 11:46:15","date_utc":"2017-05-10 09:46:15","modified":"2017-05-10 11:46:15","modified_utc":"2017-05-10 09:46:15","url":"https:\/\/test.eschenau.at\/?tribe_organizer=musikkapelle-eschenau","organizer":"Musikkapelle Eschenau","slug":"musikkapelle-eschenau","json_ld":{"@type":"Person","name":"Musikkapelle Eschenau","description":"","url":"","telephone":"","email":"","sameAs":""},"global_id":"test.eschenau.at?id=801","global_id_lineage":["test.eschenau.at?id=801"]}],"custom_fields":[],"json_ld":{"@context":"http:\/\/schema.org","@type":"Event","name":"Fronleichnam und Fr\u00fchschoppen der Musikkapelle Eschenau","description":"&lt;p&gt;Fronleichnamsprozession der Pfarrkirche Eschenau anschlie\u00dfend Fr\u00fchschoppen der Musikkapelle Eschenau am  [...]&lt;\/p&gt;\\n","image":"https:\/\/test.eschenau.at\/wp-content\/uploads\/2022\/01\/Musikkapelle-neu-e1716529363428.png","url":"https:\/\/test.eschenau.at\/?tribe_events=fronleichnam-fruehschoppen","eventAttendanceMode":"https:\/\/schema.org\/OfflineEventAttendanceMode","eventStatus":"https:\/\/schema.org\/EventScheduled","startDate":"2024-05-30T09:00:00+02:00","endDate":"2024-05-30T09:00:00+02:00","organizer":{"@type":"Person","name":"Pfarre Eschenau","description":"","url":"","telephone":"02762\/67238","email":"","sameAs":""},"performer":"Organization"}}